{"id":1125,"date":"2022-11-07T17:45:40","date_gmt":"2022-11-07T16:45:40","guid":{"rendered":"https:\/\/oppen.edu.pl\/?p=1125"},"modified":"2022-11-07T17:45:41","modified_gmt":"2022-11-07T16:45:41","slug":"lekcje-prawa-w-zespole-szkol-ekonomicznym-w-nysie","status":"publish","type":"post","link":"https:\/\/oppen.edu.pl\/index.php\/2022\/11\/07\/lekcje-prawa-w-zespole-szkol-ekonomicznym-w-nysie\/","title":{"rendered":"Lekcje prawa w Zespole Szk\u00f3\u0142 Ekonomicznym w Nysie"},"content":{"rendered":"\n<p>W czwartek 3 listopada 2022 r. uczniowie klasy 4GL i klasy 4GM Zespo\u0142u Szk\u00f3\u0142 Ekonomicznym w Nysie uczestniczyli w wyk\u0142adzie na temat konsekwencji prawnych hejtu w Internecie. Wyk\u0142ad przeprowadzi\u0142a r. pr. Anna Kaczmarzyk.<\/p>\n\n\n\n<p>Wyk\u0142ad finansowany by\u0142 ze \u015brodk\u00f3w otrzymanych od Powiatu Nyskiego.<\/p>\n\n\n\n<p>Wi\u0119cej informacji na ten temat mo\u017cna znale\u017a\u0107 w artykule <\/p>\n\n\n\n<p><a href=\"https:\/\/nowinynyskie.com.pl\/artykul\/o-konsekwencjach-hejtu\/1371176?fbclid=IwAR2zkbW-Ww_KzdJCI87hVaUnabUNZeZl_nk3CHHDCYgiu1bvJrapypIGkMM\" class=\"ek-link\">https:\/\/nowinynyskie.com.pl\/artykul\/o-konsekwencjach-hejtu\/1371176?fbclid=IwAR2zkbW-Ww_KzdJCI87hVaUnabUNZeZl_nk3CHHDCYgiu1bvJrapypIGkMM<\/a><\/p>\n\n\n\n<figure class=\"wp-block-image size-large\"><img loading=\"lazy\" decoding=\"async\" width=\"1024\" height=\"472\" src=\"https:\/\/oppen.edu.pl\/wp-content\/uploads\/2022\/11\/51b10-prawo4-1024x472.jpg\" alt=\"Zdj\u0119cie przedstawia grup\u0119 uczni\u00f3w liceum s\u0142uchaj\u0105ca wyk\u0142adu w sali szkolnej. \" class=\"wp-image-1126\" srcset=\"https:\/\/oppen.edu.pl\/wp-content\/uploads\/2022\/11\/51b10-prawo4-1024x472.jpg 1024w, https:\/\/oppen.edu.pl\/wp-content\/uploads\/2022\/11\/51b10-prawo4-300x138.jpg 300w, https:\/\/oppen.edu.pl\/wp-content\/uploads\/2022\/11\/51b10-prawo4-768x354.jpg 768w, https:\/\/oppen.edu.pl\/wp-content\/uploads\/2022\/11\/51b10-prawo4.jpg 1200w\" sizes=\"auto, (max-width: 1024px) 100vw, 1024px\" \/><\/figure>\n","protected":false},"excerpt":{"rendered":"<p>W czwartek 3 listopada 2022 r. uczniowie klasy 4GL i klasy 4GM Zespo\u0142u Szk\u00f3\u0142 Ekonomicznym w Nysie uczestniczyli w wyk\u0142adzie na temat konsekwencji prawnych hejtu w Internecie. Wyk\u0142ad przeprowadzi\u0142a r. pr. Anna Kaczmarzyk. Wyk\u0142ad finansowany by\u0142 ze \u015brodk\u00f3w otrzymanych od Powiatu Nyskiego. Wi\u0119cej informacji na ten temat mo\u017cna znale\u017a\u0107 w artykule https:\/\/nowinynyskie.com.pl\/artykul\/o-konsekwencjach-hejtu\/1371176?fbclid=IwAR2zkbW-Ww_KzdJCI87hVaUnabUNZeZl_nk3CHHDCYgiu1bvJrapypIGkMM<\/p>\n","protected":false},"author":2,"featured_media":1126,"comment_status":"open","ping_status":"open","sticky":false,"template":"","format":"standard","meta":{"_editorskit_title_hidden":false,"_editorskit_reading_time":0,"_editorskit_is_block_options_detached":false,"_editorskit_block_options_position":"{}","_eb_attr":"","footnotes":""},"categories":[15],"tags":[],"class_list":["post-1125","post","type-post","status-publish","format-standard","has-post-thumbnail","hentry","category-aktualnosci","entry","has-media"],"_links":{"self":[{"href":"https:\/\/oppen.edu.pl\/index.php\/wp-json\/wp\/v2\/posts\/1125","targetHints":{"allow":["GET"]}}],"collection":[{"href":"https:\/\/oppen.edu.pl\/index.php\/wp-json\/wp\/v2\/posts"}],"about":[{"href":"https:\/\/oppen.edu.pl\/index.php\/wp-json\/wp\/v2\/types\/post"}],"author":[{"embeddable":true,"href":"https:\/\/oppen.edu.pl\/index.php\/wp-json\/wp\/v2\/users\/2"}],"replies":[{"embeddable":true,"href":"https:\/\/oppen.edu.pl\/index.php\/wp-json\/wp\/v2\/comments?post=1125"}],"version-history":[{"count":1,"href":"https:\/\/oppen.edu.pl\/index.php\/wp-json\/wp\/v2\/posts\/1125\/revisions"}],"predecessor-version":[{"id":1127,"href":"https:\/\/oppen.edu.pl\/index.php\/wp-json\/wp\/v2\/posts\/1125\/revisions\/1127"}],"wp:featuredmedia":[{"embeddable":true,"href":"https:\/\/oppen.edu.pl\/index.php\/wp-json\/wp\/v2\/media\/1126"}],"wp:attachment":[{"href":"https:\/\/oppen.edu.pl\/index.php\/wp-json\/wp\/v2\/media?parent=1125"}],"wp:term":[{"taxonomy":"category","embeddable":true,"href":"https:\/\/oppen.edu.pl\/index.php\/wp-json\/wp\/v2\/categories?post=1125"},{"taxonomy":"post_tag","embeddable":true,"href":"https:\/\/oppen.edu.pl\/index.php\/wp-json\/wp\/v2\/tags?post=1125"}],"curies":[{"name":"wp","href":"https:\/\/api.w.org\/{rel}","templated":true}]}}