{"id":1212,"date":"2023-02-01T18:18:33","date_gmt":"2023-02-01T17:18:33","guid":{"rendered":"https:\/\/oppen.edu.pl\/?p=1212"},"modified":"2023-02-01T18:18:33","modified_gmt":"2023-02-01T17:18:33","slug":"nieodplatna-pomoc-prawna-i-nieodplatne-poradnictwo-obywatelskie-w-2023-roku","status":"publish","type":"post","link":"https:\/\/oppen.edu.pl\/index.php\/2023\/02\/01\/nieodplatna-pomoc-prawna-i-nieodplatne-poradnictwo-obywatelskie-w-2023-roku\/","title":{"rendered":"NIEODP\u0141ATNA POMOC PRAWNA I NIEODP\u0141ATNE PORADNICTWO OBYWATELSKIE W 2023 ROKU"},"content":{"rendered":"\n<figure class=\"wp-block-image size-large\"><img loading=\"lazy\" decoding=\"async\" width=\"1024\" height=\"386\" src=\"https:\/\/oppen.edu.pl\/wp-content\/uploads\/2023\/02\/herby-v3-podluzne-1024x386.jpg\" alt=\"\" class=\"wp-image-1213\" srcset=\"https:\/\/oppen.edu.pl\/wp-content\/uploads\/2023\/02\/herby-v3-podluzne-1024x386.jpg 1024w, https:\/\/oppen.edu.pl\/wp-content\/uploads\/2023\/02\/herby-v3-podluzne-300x113.jpg 300w, https:\/\/oppen.edu.pl\/wp-content\/uploads\/2023\/02\/herby-v3-podluzne-768x290.jpg 768w, https:\/\/oppen.edu.pl\/wp-content\/uploads\/2023\/02\/herby-v3-podluzne-1536x579.jpg 1536w, https:\/\/oppen.edu.pl\/wp-content\/uploads\/2023\/02\/herby-v3-podluzne.jpg 1991w\" sizes=\"auto, (max-width: 1024px) 100vw, 1024px\" \/><\/figure>\n\n\n\n<p>Od 1 stycznia 2016 r. w ca\u0142ej Polsce otwarto punkty nieodp\u0142atnej pomocy prawnej.<\/p>\n\n\n\n<p>Od tego czasu pomoc tak\u0105 \u015bwiadcz\u0105 tak\u017ce adwokaci, radcowie prawni oraz prawnicy z do\u015bwiadczeniem &#8211; cz\u0142onkowie stowarzyszenia OPPEN Obywatel Prawo Pomoc Edukacja Nowatorstwo oraz osoby, kt\u00f3re nawi\u0105za\u0142y z OPPEN wsp\u00f3\u0142prac\u0119 w tym zakresie.<\/p>\n\n\n\n<p>W 2023 r. \u015bwiadcz\u0105 oni nieodp\u0142atn\u0105 pomoc prawn\u0105 i nieodp\u0142atn\u0105 mediacj\u0119 w punktach w: Opolu, K\u0119dzierzynie-Ko\u017alu, Ole\u015bnie (punkt \u0142\u0105czony z punktem nieodp\u0142atnego poradnictwa obywatelskiego) oraz w miejscowo\u015bciach Powiatu Prudnickiego: w G\u0142og\u00f3wku i Bia\u0142ej.<\/p>\n\n\n\n<p>W 2023 r. Stowarzyszenie OPPEN \u015bwiadczy tak\u017ce nieodp\u0142atne poradnictwo obywatelskie i nieodp\u0142atn\u0105 mediacj\u0119 w punktach w Opolu oraz Ole\u015bnie (punkt \u0142\u0105czony z punktem nieodp\u0142atnej pomocy prawnej).<\/p>\n\n\n\n<figure class=\"wp-block-image size-full is-style-editorskit-rounded\"><img loading=\"lazy\" decoding=\"async\" width=\"937\" height=\"820\" src=\"https:\/\/oppen.edu.pl\/wp-content\/uploads\/2023\/02\/godziny-dyzurow-2023.jpg\" alt=\"\" class=\"wp-image-1214\" srcset=\"https:\/\/oppen.edu.pl\/wp-content\/uploads\/2023\/02\/godziny-dyzurow-2023.jpg 937w, https:\/\/oppen.edu.pl\/wp-content\/uploads\/2023\/02\/godziny-dyzurow-2023-300x263.jpg 300w, https:\/\/oppen.edu.pl\/wp-content\/uploads\/2023\/02\/godziny-dyzurow-2023-768x672.jpg 768w\" sizes=\"auto, (max-width: 937px) 100vw, 937px\" \/><figcaption class=\"wp-element-caption\">Godziny dy\u017cur\u00f3w i adresy punkt\u00f3w.<\/figcaption><\/figure>\n","protected":false},"excerpt":{"rendered":"<p>Od 1 stycznia 2016 r. w ca\u0142ej Polsce otwarto punkty nieodp\u0142atnej pomocy prawnej. Od tego czasu pomoc tak\u0105 \u015bwiadcz\u0105 tak\u017ce adwokaci, radcowie prawni oraz prawnicy z do\u015bwiadczeniem &#8211; cz\u0142onkowie stowarzyszenia OPPEN Obywatel Prawo Pomoc Edukacja Nowatorstwo oraz osoby, kt\u00f3re nawi\u0105za\u0142y z OPPEN wsp\u00f3\u0142prac\u0119 w tym zakresie. W 2023 r. \u015bwiadcz\u0105 oni nieodp\u0142atn\u0105 pomoc prawn\u0105 i [&hellip;]<\/p>\n","protected":false},"author":2,"featured_media":1213,"comment_status":"open","ping_status":"open","sticky":false,"template":"","format":"standard","meta":{"_editorskit_title_hidden":false,"_editorskit_reading_time":0,"_editorskit_is_block_options_detached":false,"_editorskit_block_options_position":"{}","_eb_attr":"","footnotes":""},"categories":[15],"tags":[],"class_list":["post-1212","post","type-post","status-publish","format-standard","has-post-thumbnail","hentry","category-aktualnosci","entry","has-media"],"_links":{"self":[{"href":"https:\/\/oppen.edu.pl\/index.php\/wp-json\/wp\/v2\/posts\/1212","targetHints":{"allow":["GET"]}}],"collection":[{"href":"https:\/\/oppen.edu.pl\/index.php\/wp-json\/wp\/v2\/posts"}],"about":[{"href":"https:\/\/oppen.edu.pl\/index.php\/wp-json\/wp\/v2\/types\/post"}],"author":[{"embeddable":true,"href":"https:\/\/oppen.edu.pl\/index.php\/wp-json\/wp\/v2\/users\/2"}],"replies":[{"embeddable":true,"href":"https:\/\/oppen.edu.pl\/index.php\/wp-json\/wp\/v2\/comments?post=1212"}],"version-history":[{"count":1,"href":"https:\/\/oppen.edu.pl\/index.php\/wp-json\/wp\/v2\/posts\/1212\/revisions"}],"predecessor-version":[{"id":1215,"href":"https:\/\/oppen.edu.pl\/index.php\/wp-json\/wp\/v2\/posts\/1212\/revisions\/1215"}],"wp:featuredmedia":[{"embeddable":true,"href":"https:\/\/oppen.edu.pl\/index.php\/wp-json\/wp\/v2\/media\/1213"}],"wp:attachment":[{"href":"https:\/\/oppen.edu.pl\/index.php\/wp-json\/wp\/v2\/media?parent=1212"}],"wp:term":[{"taxonomy":"category","embeddable":true,"href":"https:\/\/oppen.edu.pl\/index.php\/wp-json\/wp\/v2\/categories?post=1212"},{"taxonomy":"post_tag","embeddable":true,"href":"https:\/\/oppen.edu.pl\/index.php\/wp-json\/wp\/v2\/tags?post=1212"}],"curies":[{"name":"wp","href":"https:\/\/api.w.org\/{rel}","templated":true}]}}