{"id":1651,"date":"2025-11-04T16:39:39","date_gmt":"2025-11-04T15:39:39","guid":{"rendered":"https:\/\/oppen.edu.pl\/?p=1651"},"modified":"2025-11-11T16:43:46","modified_gmt":"2025-11-11T15:43:46","slug":"warsztaty-z-edukacji-prawnej","status":"publish","type":"post","link":"https:\/\/oppen.edu.pl\/index.php\/2025\/11\/04\/warsztaty-z-edukacji-prawnej\/","title":{"rendered":"Warsztaty z edukacji prawnej"},"content":{"rendered":"\n<p>Ochrona wizerunku w Internecie, podstawowe informacje o prawie oraz miejsca, gdzie mo\u017cna uzyska\u0107 pomoc prawn\u0105 by\u0142y g\u0142\u00f3wnymi tematami spotka\u0144 uczni\u00f3w Publicznej Szko\u0142y Podstawowej nr 14 im. Adama Mickiewicza w Opolu z radc\u0105 prawnym Stanis\u0142awem Ga\u0142k\u0105. Wi\u0119cej informacji na stronie: <a href=\"https:\/\/sp14opole.pl\/index.php\/menu\/kronika-wydarzen\/rok-szkolny-2025-2026\/warsztaty-z-edukacji-prawnej?fbclid=IwY2xjawOANP1leHRuA2FlbQIxMABicmlkETFpbXRKUUpKamdaUkgxWnFac3J0YwZhcHBfaWQQMjIyMDM5MTc4ODIwMDg5MgABHrIyH5Ev0H9r8Oqu-pr2kZZWhoKA_vXcfkCiLwIHhpD4z-B1MvdUvliDvnVG_aem_vMYRcpIO8Yz0Jmq0dogmlQ\">https:\/\/sp14opole.pl\/index.php\/menu\/kronika-wydarzen\/rok-szkolny-2025-2026\/warsztaty-z-edukacji-prawnej?fbclid=IwY2xjawOANP1leHRuA2FlbQIxMABicmlkETFpbXRKUUpKamdaUkgxWnFac3J0YwZhcHBfaWQQMjIyMDM5MTc4ODIwMDg5MgABHrIyH5Ev0H9r8Oqu-pr2kZZWhoKA_vXcfkCiLwIHhpD4z-B1MvdUvliDvnVG_aem_vMYRcpIO8Yz0Jmq0dogmlQ<\/a> <\/p>\n\n\n\n<p>Warsztaty zosta\u0142y zorganizowane w zakresie zada\u0144 publicznych finansowanych ze \u015brodk\u00f3w otrzymanych od miasta Opola w ramach projektu &#8222;Z m\u0142odzie\u017c\u0105 o prawie\u201d oraz edukacji prawnej realizowanej w 2025 r.<\/p>\n\n\n\n<figure class=\"wp-block-image size-large\"><img loading=\"lazy\" decoding=\"async\" width=\"1024\" height=\"558\" src=\"https:\/\/oppen.edu.pl\/wp-content\/uploads\/2023\/12\/LOGO-OPOLA-KOLOR_cmyk-1024x558.jpg\" alt=\"logo\" class=\"wp-image-1433\" srcset=\"https:\/\/oppen.edu.pl\/wp-content\/uploads\/2023\/12\/LOGO-OPOLA-KOLOR_cmyk-1024x558.jpg 1024w, https:\/\/oppen.edu.pl\/wp-content\/uploads\/2023\/12\/LOGO-OPOLA-KOLOR_cmyk-300x163.jpg 300w, https:\/\/oppen.edu.pl\/wp-content\/uploads\/2023\/12\/LOGO-OPOLA-KOLOR_cmyk-768x418.jpg 768w, https:\/\/oppen.edu.pl\/wp-content\/uploads\/2023\/12\/LOGO-OPOLA-KOLOR_cmyk-1536x837.jpg 1536w, https:\/\/oppen.edu.pl\/wp-content\/uploads\/2023\/12\/LOGO-OPOLA-KOLOR_cmyk-2048x1116.jpg 2048w\" sizes=\"auto, (max-width: 1024px) 100vw, 1024px\" \/><\/figure>\n","protected":false},"excerpt":{"rendered":"<p>Ochrona wizerunku w Internecie, podstawowe informacje o prawie oraz miejsca, gdzie mo\u017cna uzyska\u0107 pomoc prawn\u0105 by\u0142y g\u0142\u00f3wnymi tematami spotka\u0144 uczni\u00f3w Publicznej Szko\u0142y Podstawowej nr 14 im. Adama Mickiewicza w Opolu z radc\u0105 prawnym Stanis\u0142awem Ga\u0142k\u0105. Wi\u0119cej informacji na stronie: https:\/\/sp14opole.pl\/index.php\/menu\/kronika-wydarzen\/rok-szkolny-2025-2026\/warsztaty-z-edukacji-prawnej?fbclid=IwY2xjawOANP1leHRuA2FlbQIxMABicmlkETFpbXRKUUpKamdaUkgxWnFac3J0YwZhcHBfaWQQMjIyMDM5MTc4ODIwMDg5MgABHrIyH5Ev0H9r8Oqu-pr2kZZWhoKA_vXcfkCiLwIHhpD4z-B1MvdUvliDvnVG_aem_vMYRcpIO8Yz0Jmq0dogmlQ Warsztaty zosta\u0142y zorganizowane w zakresie zada\u0144 publicznych finansowanych ze \u015brodk\u00f3w otrzymanych od miasta Opola w [&hellip;]<\/p>\n","protected":false},"author":2,"featured_media":1652,"comment_status":"open","ping_status":"open","sticky":false,"template":"","format":"standard","meta":{"_editorskit_title_hidden":false,"_editorskit_reading_time":0,"_editorskit_is_block_options_detached":false,"_editorskit_block_options_position":"{}","_eb_attr":"","footnotes":""},"categories":[15],"tags":[],"class_list":["post-1651","post","type-post","status-publish","format-standard","has-post-thumbnail","hentry","category-aktualnosci","entry","has-media"],"_links":{"self":[{"href":"https:\/\/oppen.edu.pl\/index.php\/wp-json\/wp\/v2\/posts\/1651","targetHints":{"allow":["GET"]}}],"collection":[{"href":"https:\/\/oppen.edu.pl\/index.php\/wp-json\/wp\/v2\/posts"}],"about":[{"href":"https:\/\/oppen.edu.pl\/index.php\/wp-json\/wp\/v2\/types\/post"}],"author":[{"embeddable":true,"href":"https:\/\/oppen.edu.pl\/index.php\/wp-json\/wp\/v2\/users\/2"}],"replies":[{"embeddable":true,"href":"https:\/\/oppen.edu.pl\/index.php\/wp-json\/wp\/v2\/comments?post=1651"}],"version-history":[{"count":1,"href":"https:\/\/oppen.edu.pl\/index.php\/wp-json\/wp\/v2\/posts\/1651\/revisions"}],"predecessor-version":[{"id":1653,"href":"https:\/\/oppen.edu.pl\/index.php\/wp-json\/wp\/v2\/posts\/1651\/revisions\/1653"}],"wp:featuredmedia":[{"embeddable":true,"href":"https:\/\/oppen.edu.pl\/index.php\/wp-json\/wp\/v2\/media\/1652"}],"wp:attachment":[{"href":"https:\/\/oppen.edu.pl\/index.php\/wp-json\/wp\/v2\/media?parent=1651"}],"wp:term":[{"taxonomy":"category","embeddable":true,"href":"https:\/\/oppen.edu.pl\/index.php\/wp-json\/wp\/v2\/categories?post=1651"},{"taxonomy":"post_tag","embeddable":true,"href":"https:\/\/oppen.edu.pl\/index.php\/wp-json\/wp\/v2\/tags?post=1651"}],"curies":[{"name":"wp","href":"https:\/\/api.w.org\/{rel}","templated":true}]}}