{"id":1660,"date":"2025-12-01T06:55:00","date_gmt":"2025-12-01T05:55:00","guid":{"rendered":"https:\/\/oppen.edu.pl\/?p=1660"},"modified":"2025-11-11T16:57:22","modified_gmt":"2025-11-11T15:57:22","slug":"prawnik-radzi-cz-11","status":"publish","type":"post","link":"https:\/\/oppen.edu.pl\/index.php\/2025\/12\/01\/prawnik-radzi-cz-11\/","title":{"rendered":"Prawnik radzi cz. 11"},"content":{"rendered":"\n<p>Zapraszamy w 2025 r. do zapoznawania si\u0119 z informacjami zamieszczanymi w ramach cyklu \u201ePrawnik radzi\u201d.<\/p>\n\n\n\n<p>W cz\u0119\u015bci 11. odpowiadamy na pytanie:<\/p>\n\n\n\n<p>Czy mog\u0119 sam przygotowa\u0107 sw\u00f3j testament?<\/p>\n\n\n\n<p>Odpowied\u017a:<\/p>\n\n\n\n<p>Tak, mo\u017cliwe jest samodzielnie przygotowanie wa\u017cnego testamentu. Musisz jednak pami\u0119ta\u0107, \u017ce aby testament pisemny by\u0142 wa\u017cny, to:<\/p>\n\n\n\n<p>1.&nbsp;&nbsp;&nbsp;&nbsp;&nbsp;&nbsp;musi by\u0107 w ca\u0142o\u015bci spisany pismem odr\u0119cznym,<\/p>\n\n\n\n<p>2.&nbsp;&nbsp;&nbsp;&nbsp;&nbsp;&nbsp;zawiera\u0107&nbsp;dat\u0119 sporz\u0105dzenia<\/p>\n\n\n\n<p>3.&nbsp;&nbsp;&nbsp;&nbsp;&nbsp;&nbsp;i w\u0142asnor\u0119czny podpis spadkodawcy.<\/p>\n\n\n\n<p>Pami\u0119taj te\u017c, \u017ce jeden testament mo\u017ce dotyczy\u0107 tylko jednej osoby, tak wi\u0119c je\u015bli ma\u0142\u017conkowie chc\u0105 sporz\u0105dzi\u0107 testament, to ka\u017cde z nich powinno przygotowa\u0107 osobny dokument.<\/p>\n\n\n\n<p>Warto r\u00f3wnie\u017c poinformowa\u0107 osoby najbli\u017csze o fakcie sporz\u0105dzenia takiego testamentu oraz miejscu jego przechowywania, tak aby po Twojej \u015bmierci spadkobiercy mogli z niego skorzysta\u0107.<\/p>\n\n\n\n<p>Cykl \u201ePrawnik radzi\u201d realizowany jest w ramach edukacji prawnej. Zadania publiczne finansowane s\u0105 ze \u015brodk\u00f3w otrzymanych od:<br>\u2013 miasta Opola,<br>\u2013 powiatu k\u0119dzierzy\u0144sko \u2013 kozielskiego,<br>\u2013 powiatu oleskiego.<\/p>\n\n\n\n<figure class=\"wp-block-image size-large\"><img loading=\"lazy\" decoding=\"async\" width=\"1024\" height=\"576\" src=\"https:\/\/oppen.edu.pl\/wp-content\/uploads\/2025\/02\/herby-2025-1024x576.jpg\" alt=\"herby powiat\u00f3w i logo miasta\" class=\"wp-image-1586\" srcset=\"https:\/\/oppen.edu.pl\/wp-content\/uploads\/2025\/02\/herby-2025-1024x576.jpg 1024w, https:\/\/oppen.edu.pl\/wp-content\/uploads\/2025\/02\/herby-2025-300x169.jpg 300w, https:\/\/oppen.edu.pl\/wp-content\/uploads\/2025\/02\/herby-2025-768x432.jpg 768w, https:\/\/oppen.edu.pl\/wp-content\/uploads\/2025\/02\/herby-2025-800x450.jpg 800w, https:\/\/oppen.edu.pl\/wp-content\/uploads\/2025\/02\/herby-2025.jpg 1280w\" sizes=\"auto, (max-width: 1024px) 100vw, 1024px\" \/><\/figure>\n","protected":false},"excerpt":{"rendered":"<p>Zapraszamy w 2025 r. do zapoznawania si\u0119 z informacjami zamieszczanymi w ramach cyklu \u201ePrawnik radzi\u201d. W cz\u0119\u015bci 11. odpowiadamy na pytanie: Czy mog\u0119 sam przygotowa\u0107 sw\u00f3j testament? Odpowied\u017a: Tak, mo\u017cliwe jest samodzielnie przygotowanie wa\u017cnego testamentu. Musisz jednak pami\u0119ta\u0107, \u017ce aby testament pisemny by\u0142 wa\u017cny, to: 1.&nbsp;&nbsp;&nbsp;&nbsp;&nbsp;&nbsp;musi by\u0107 w ca\u0142o\u015bci spisany pismem odr\u0119cznym, 2.&nbsp;&nbsp;&nbsp;&nbsp;&nbsp;&nbsp;zawiera\u0107&nbsp;dat\u0119 sporz\u0105dzenia 3.&nbsp;&nbsp;&nbsp;&nbsp;&nbsp;&nbsp;i [&hellip;]<\/p>\n","protected":false},"author":2,"featured_media":1661,"comment_status":"open","ping_status":"open","sticky":false,"template":"","format":"standard","meta":{"_editorskit_title_hidden":false,"_editorskit_reading_time":0,"_editorskit_is_block_options_detached":false,"_editorskit_block_options_position":"{}","_eb_attr":"","footnotes":""},"categories":[15],"tags":[],"class_list":["post-1660","post","type-post","status-publish","format-standard","has-post-thumbnail","hentry","category-aktualnosci","entry","has-media"],"_links":{"self":[{"href":"https:\/\/oppen.edu.pl\/index.php\/wp-json\/wp\/v2\/posts\/1660","targetHints":{"allow":["GET"]}}],"collection":[{"href":"https:\/\/oppen.edu.pl\/index.php\/wp-json\/wp\/v2\/posts"}],"about":[{"href":"https:\/\/oppen.edu.pl\/index.php\/wp-json\/wp\/v2\/types\/post"}],"author":[{"embeddable":true,"href":"https:\/\/oppen.edu.pl\/index.php\/wp-json\/wp\/v2\/users\/2"}],"replies":[{"embeddable":true,"href":"https:\/\/oppen.edu.pl\/index.php\/wp-json\/wp\/v2\/comments?post=1660"}],"version-history":[{"count":1,"href":"https:\/\/oppen.edu.pl\/index.php\/wp-json\/wp\/v2\/posts\/1660\/revisions"}],"predecessor-version":[{"id":1662,"href":"https:\/\/oppen.edu.pl\/index.php\/wp-json\/wp\/v2\/posts\/1660\/revisions\/1662"}],"wp:featuredmedia":[{"embeddable":true,"href":"https:\/\/oppen.edu.pl\/index.php\/wp-json\/wp\/v2\/media\/1661"}],"wp:attachment":[{"href":"https:\/\/oppen.edu.pl\/index.php\/wp-json\/wp\/v2\/media?parent=1660"}],"wp:term":[{"taxonomy":"category","embeddable":true,"href":"https:\/\/oppen.edu.pl\/index.php\/wp-json\/wp\/v2\/categories?post=1660"},{"taxonomy":"post_tag","embeddable":true,"href":"https:\/\/oppen.edu.pl\/index.php\/wp-json\/wp\/v2\/tags?post=1660"}],"curies":[{"name":"wp","href":"https:\/\/api.w.org\/{rel}","templated":true}]}}