{"id":1663,"date":"2025-12-10T08:00:00","date_gmt":"2025-12-10T07:00:00","guid":{"rendered":"https:\/\/oppen.edu.pl\/?p=1663"},"modified":"2025-11-11T17:00:06","modified_gmt":"2025-11-11T16:00:06","slug":"prawnik-radzi-cz-12","status":"publish","type":"post","link":"https:\/\/oppen.edu.pl\/index.php\/2025\/12\/10\/prawnik-radzi-cz-12\/","title":{"rendered":"Prawnik radzi cz. 12"},"content":{"rendered":"\n<p>Zapraszamy w 2025 r. do zapoznawania si\u0119 z informacjami zamieszczanymi w ramach cyklu \u201ePrawnik radzi\u201d.<\/p>\n\n\n\n<p>W cz\u0119\u015bci 12. odpowiadamy na pytanie:<\/p>\n\n\n\n<p>Czy do zmiany miejsca zamieszkania dziecka na terenie Polski potrzebuj\u0119 zgod\u0119 jego ojca?<\/p>\n\n\n\n<p>Odpowied\u017a:<\/p>\n\n\n\n<p>Tak, je\u015bli ojciec posiada pe\u0142n\u0105 w\u0142adz\u0119 rodzicielsk\u0105. Decyzja o miejscu zamieszkania dziecka jest jedn\u0105 <br>z istotniejszych spraw zwi\u0105zanych z dzieckiem, dlatego oboje rodzice maj\u0105 prawo uczestniczy\u0107 w podj\u0119ciu takiej decyzji. Je\u015bli jeden z rodzic\u00f3w dziecka nie zgadza si\u0119, aby zmieni\u0142o ono wraz z drugim rodzicem miejsce zamieszkania (rozumiane jako zmiana miejscowo\u015bci, a nie zmiana ulicy), to w\u00f3wczas drugi z rodzic\u00f3w mo\u017ce wyst\u0105pi\u0107 do s\u0105du rodzinnego z wnioskiem o rozstrzygni\u0119cie w istotnych kwestiach dotycz\u0105cych dziecka. W takim post\u0119powaniu s\u0105d rozwa\u017cy argumenty ka\u017cdego z rodzic\u00f3w i zadecyduje, czy zmiana miejsca zamieszkania b\u0119dzie zgodna z dobrem dziecka, bo ono zawsze jest decyduj\u0105cym wyznacznikiem w sprawach rodzinnych. Pami\u0119taj, \u017ce zawsze masz mo\u017cliwo\u015b\u0107 skorzystania z mediacji rodzinnej, kt\u00f3ra mo\u017ce pom\u00f3c w doj\u015bciu do porozumienia z drugim rodzicem w kwestii wyprowadzki. W\u00f3wczas post\u0119powanie s\u0105dowe nie b\u0119dzie konieczne, je\u015bli uda Wam si\u0119 porozumie\u0107 i wypracowa\u0107 ugod\u0119.\u00a0\u00a0<\/p>\n\n\n\n<p>Cykl \u201ePrawnik radzi\u201d realizowany jest w ramach edukacji prawnej. Zadania publiczne finansowane s\u0105 ze \u015brodk\u00f3w otrzymanych od:<br>\u2013 miasta Opola,<br>\u2013 powiatu k\u0119dzierzy\u0144sko \u2013 kozielskiego,<br>\u2013 powiatu oleskiego.<\/p>\n\n\n\n<figure class=\"wp-block-image size-large\"><img loading=\"lazy\" decoding=\"async\" width=\"1024\" height=\"576\" src=\"https:\/\/oppen.edu.pl\/wp-content\/uploads\/2025\/02\/herby-2025-1024x576.jpg\" alt=\"herby powiat\u00f3w i logo miasta\" class=\"wp-image-1586\" srcset=\"https:\/\/oppen.edu.pl\/wp-content\/uploads\/2025\/02\/herby-2025-1024x576.jpg 1024w, https:\/\/oppen.edu.pl\/wp-content\/uploads\/2025\/02\/herby-2025-300x169.jpg 300w, https:\/\/oppen.edu.pl\/wp-content\/uploads\/2025\/02\/herby-2025-768x432.jpg 768w, https:\/\/oppen.edu.pl\/wp-content\/uploads\/2025\/02\/herby-2025-800x450.jpg 800w, https:\/\/oppen.edu.pl\/wp-content\/uploads\/2025\/02\/herby-2025.jpg 1280w\" sizes=\"auto, (max-width: 1024px) 100vw, 1024px\" \/><\/figure>\n","protected":false},"excerpt":{"rendered":"<p>Zapraszamy w 2025 r. do zapoznawania si\u0119 z informacjami zamieszczanymi w ramach cyklu \u201ePrawnik radzi\u201d. W cz\u0119\u015bci 12. odpowiadamy na pytanie: Czy do zmiany miejsca zamieszkania dziecka na terenie Polski potrzebuj\u0119 zgod\u0119 jego ojca? Odpowied\u017a: Tak, je\u015bli ojciec posiada pe\u0142n\u0105 w\u0142adz\u0119 rodzicielsk\u0105. Decyzja o miejscu zamieszkania dziecka jest jedn\u0105 z istotniejszych spraw zwi\u0105zanych z dzieckiem, [&hellip;]<\/p>\n","protected":false},"author":2,"featured_media":1664,"comment_status":"open","ping_status":"open","sticky":false,"template":"","format":"standard","meta":{"_editorskit_title_hidden":false,"_editorskit_reading_time":0,"_editorskit_is_block_options_detached":false,"_editorskit_block_options_position":"{}","_eb_attr":"","footnotes":""},"categories":[15],"tags":[],"class_list":["post-1663","post","type-post","status-publish","format-standard","has-post-thumbnail","hentry","category-aktualnosci","entry","has-media"],"_links":{"self":[{"href":"https:\/\/oppen.edu.pl\/index.php\/wp-json\/wp\/v2\/posts\/1663","targetHints":{"allow":["GET"]}}],"collection":[{"href":"https:\/\/oppen.edu.pl\/index.php\/wp-json\/wp\/v2\/posts"}],"about":[{"href":"https:\/\/oppen.edu.pl\/index.php\/wp-json\/wp\/v2\/types\/post"}],"author":[{"embeddable":true,"href":"https:\/\/oppen.edu.pl\/index.php\/wp-json\/wp\/v2\/users\/2"}],"replies":[{"embeddable":true,"href":"https:\/\/oppen.edu.pl\/index.php\/wp-json\/wp\/v2\/comments?post=1663"}],"version-history":[{"count":2,"href":"https:\/\/oppen.edu.pl\/index.php\/wp-json\/wp\/v2\/posts\/1663\/revisions"}],"predecessor-version":[{"id":1666,"href":"https:\/\/oppen.edu.pl\/index.php\/wp-json\/wp\/v2\/posts\/1663\/revisions\/1666"}],"wp:featuredmedia":[{"embeddable":true,"href":"https:\/\/oppen.edu.pl\/index.php\/wp-json\/wp\/v2\/media\/1664"}],"wp:attachment":[{"href":"https:\/\/oppen.edu.pl\/index.php\/wp-json\/wp\/v2\/media?parent=1663"}],"wp:term":[{"taxonomy":"category","embeddable":true,"href":"https:\/\/oppen.edu.pl\/index.php\/wp-json\/wp\/v2\/categories?post=1663"},{"taxonomy":"post_tag","embeddable":true,"href":"https:\/\/oppen.edu.pl\/index.php\/wp-json\/wp\/v2\/tags?post=1663"}],"curies":[{"name":"wp","href":"https:\/\/api.w.org\/{rel}","templated":true}]}}